{"id":483,"date":"2021-03-27T11:18:44","date_gmt":"2021-03-27T10:18:44","guid":{"rendered":"https:\/\/feuerwehrverein-romanshorn.ch\/?p=483"},"modified":"2021-03-27T11:18:44","modified_gmt":"2021-03-27T10:18:44","slug":"schluuchfest-2021","status":"publish","type":"post","link":"https:\/\/feuerwehrverein-romanshorn.ch\/Verein\/Wordpress\/2021\/03\/27\/schluuchfest-2021\/","title":{"rendered":"Schluuchfest 2021"},"content":{"rendered":"<h1>Absage Schluuchfest 2021<\/h1>\n<p>Die Entscheidung fiel dem Vorstand nicht leicht. Dennoch haben wir das Gef\u00fchl, dass die<br \/>\nDurchf\u00fchrung einer Veranstaltung in diesem ersten Halbjahr noch schwierig werden k\u00f6nnte. Lockerungen sind hierf\u00fcr derzeit nicht absehbar. Ebenfalls sind wir der Meinung, dass ein<br \/>\nSchluuchfest mit Masken und Schutzkonzepte nicht das ist, was wir gerne zeigen wollen.<br \/>\nWir bedauern sehr, diesen Entscheid getroffen zu haben. Schauen wir nach vorne und freuen uns<br \/>\ngemeinsam auf ein Schluuchfest 2022!<\/p>\n","protected":false},"excerpt":{"rendered":"<p>Absage Schluuchfest 2021 Die Entscheidung fiel dem Vorstand nicht leicht. Dennoch haben wir das Gef\u00fchl, dass die Durchf\u00fchrung einer Veranstaltung in diesem ersten Halbjahr noch schwierig werden k\u00f6nnte. Lockerungen sind [&hellip;]<\/p>\n","protected":false},"author":2,"featured_media":485,"comment_status":"open","ping_status":"open","sticky":false,"template":"","format":"standard","meta":{"_et_pb_use_builder":"","_et_pb_old_content":"","_et_gb_content_width":"","footnotes":""},"categories":[5],"tags":[],"class_list":["post-483","post","type-post","status-publish","format-standard","has-post-thumbnail","hentry","category-news_frontpage"],"_links":{"self":[{"href":"https:\/\/feuerwehrverein-romanshorn.ch\/Verein\/Wordpress\/wp-json\/wp\/v2\/posts\/483","targetHints":{"allow":["GET"]}}],"collection":[{"href":"https:\/\/feuerwehrverein-romanshorn.ch\/Verein\/Wordpress\/wp-json\/wp\/v2\/posts"}],"about":[{"href":"https:\/\/feuerwehrverein-romanshorn.ch\/Verein\/Wordpress\/wp-json\/wp\/v2\/types\/post"}],"author":[{"embeddable":true,"href":"https:\/\/feuerwehrverein-romanshorn.ch\/Verein\/Wordpress\/wp-json\/wp\/v2\/users\/2"}],"replies":[{"embeddable":true,"href":"https:\/\/feuerwehrverein-romanshorn.ch\/Verein\/Wordpress\/wp-json\/wp\/v2\/comments?post=483"}],"version-history":[{"count":0,"href":"https:\/\/feuerwehrverein-romanshorn.ch\/Verein\/Wordpress\/wp-json\/wp\/v2\/posts\/483\/revisions"}],"wp:featuredmedia":[{"embeddable":true,"href":"https:\/\/feuerwehrverein-romanshorn.ch\/Verein\/Wordpress\/wp-json\/"}],"wp:attachment":[{"href":"https:\/\/feuerwehrverein-romanshorn.ch\/Verein\/Wordpress\/wp-json\/wp\/v2\/media?parent=483"}],"wp:term":[{"taxonomy":"category","embeddable":true,"href":"https:\/\/feuerwehrverein-romanshorn.ch\/Verein\/Wordpress\/wp-json\/wp\/v2\/categories?post=483"},{"taxonomy":"post_tag","embeddable":true,"href":"https:\/\/feuerwehrverein-romanshorn.ch\/Verein\/Wordpress\/wp-json\/wp\/v2\/tags?post=483"}],"curies":[{"name":"wp","href":"https:\/\/api.w.org\/{rel}","templated":true}]}}