{"id":1306,"date":"2022-04-10T15:27:33","date_gmt":"2022-04-10T15:27:33","guid":{"rendered":"https:\/\/feuerwehrverein-romanshorn.ch\/Verein\/Wordpress\/?p=1306"},"modified":"2022-04-13T19:42:21","modified_gmt":"2022-04-13T19:42:21","slug":"generalversammlung-2022","status":"publish","type":"post","link":"https:\/\/feuerwehrverein-romanshorn.ch\/Verein\/Wordpress\/2022\/04\/10\/generalversammlung-2022\/","title":{"rendered":"Generalversammlung 2022"},"content":{"rendered":"\n<p>Etwas versp\u00e4tet findet die Generalversammlung nun am Freitag 6. Mai im &#8222;Fabrikli&#8220; an der Neustrasse statt.<\/p>\n\n\n\n<p>Corona hatte uns gezwungen, den Termin im M\u00e4rz zu verschieben. Da wir die Entscheidung mit der Verschiebung schon im Januar f\u00e4llen mussten, hielten wir an ihr fest auch wenn die Lage im M\u00e4rz eigentlich schon ziemlich entspannt gewesen w\u00e4re.<\/p>\n\n\n\n<p>Anbei noch das Programm von der 89. Generalversammlung:<\/p>\n\n\n\n<p>18.30h&nbsp;&nbsp;&nbsp;&nbsp;&nbsp;&nbsp;&nbsp;T\u00fcr\u00f6ffnung<\/p>\n\n\n\n<p>19.00h&nbsp; &nbsp;&nbsp;&nbsp;&nbsp;&nbsp;Versammlung \u2013 Traktanden<\/p>\n\n\n\n<p>&nbsp;1.&nbsp;&nbsp; Begr\u00fcssung<\/p>\n\n\n\n<p>&nbsp;2. Appell mit zirkulierender Pr\u00e4senzliste<\/p>\n\n\n\n<p>3.&nbsp;&nbsp; Wahl der Stimmenz\u00e4hler<\/p>\n\n\n\n<p>4.&nbsp;&nbsp; Protokoll der letzten Jahresversammlung (liegen auf + Online2021)<\/p>\n\n\n\n<p>5.&nbsp;&nbsp; Jahresbericht des Pr\u00e4sidenten<\/p>\n\n\n\n<p>6.&nbsp;&nbsp; Jahresrechnung und Revisorenbericht<\/p>\n\n\n\n<p>7. Feuerwehrreise 2022<\/p>\n\n\n\n<p>8. Vorstellung Revision Saurer<\/p>\n\n\n\n<p>9.&nbsp;&nbsp; Budget 2022<\/p>\n\n\n\n<p>10. Wahlen<\/p>\n\n\n\n<p>&nbsp;&nbsp;&nbsp;&nbsp; 1.&nbsp;&nbsp;&nbsp;&nbsp;&nbsp;&nbsp;&nbsp;&nbsp; Vorstand<\/p>\n\n\n\n<p>&nbsp;&nbsp;&nbsp;&nbsp; 2.&nbsp;&nbsp;&nbsp;&nbsp;&nbsp;&nbsp;&nbsp;&nbsp; Pr\u00e4sident<\/p>\n\n\n\n<ol class=\"wp-block-list\" type=\"a\"><li>Ersatz Rechnungsrevisor<\/li><\/ol>\n\n\n\n<p>11. Jahresprogramm 2022<\/p>\n\n\n\n<p>12. Antr\u00e4ge (Frist gem\u00e4ss Statuten Artikel 8.5 beachten)<\/p>\n\n\n\n<p>13. Passiv-Beitrag: <strong>Analog Aktive = Fr 35<\/strong>.\u2014(gem. Statuten)<\/p>\n\n\n\n<p>14. Mitteilungen und Umfrage<\/p>\n\n\n\n<p><\/p>\n\n\n\n<p>Im Anschluss an die GV&nbsp;&nbsp;&nbsp; NACHTESSEN<\/p>\n\n\n\n<p><\/p>\n\n\n\n<p><strong><u>Gew\u00fcnschtes Tenue:<\/u><\/strong> Vereinskleider Feuerwehrverein Romanshorn<\/p>\n\n\n\n<p>Antr\u00e4ge an die Jahresversammlung <strong>sind bis 28.04.2022<\/strong> schriftlich an den Pr\u00e4sidenten zu richten (gem. Statuten, Punkt 8.5).<\/p>\n\n\n\n<p>Anmeldung bitte \u00fcber die Homepage:<a href=\"https:\/\/feuerwehrverein-romanshorn.ch\/Verein\/Wordpress\/1322-2\/\" data-type=\"page\" data-id=\"1322\">Anmeldung GV 2022<\/a> oder mit dem oben abgebildeten QR-Code.<\/p>\n","protected":false},"excerpt":{"rendered":"<p>Etwas versp\u00e4tet findet die Generalversammlung nun am Freitag 6. Mai im &#8222;Fabrikli&#8220; an der Neustrasse statt. Corona hatte uns gezwungen, den Termin im M\u00e4rz zu verschieben. Da wir die Entscheidung [&hellip;]<\/p>\n","protected":false},"author":2,"featured_media":1334,"comment_status":"open","ping_status":"open","sticky":false,"template":"","format":"standard","meta":{"_et_pb_use_builder":"off","_et_pb_old_content":"<!-- wp:paragraph -->\n<p>Etwas versp\u00e4tet findet die Generalversammlung nun am Freitag 6. Mai im \"Fabrikli\" an der Neustrasse statt.<\/p>\n<!-- \/wp:paragraph -->\n\n<!-- wp:paragraph -->\n<p>Corona hatte uns gezwungen, den Termin im M\u00e4rz zu verschieben. Da wir die Entscheidung mit der Verschiebung schon im Januar f\u00e4llen mussten, hielten wir an ihr fest auch wenn die Lage im M\u00e4rz eigentlich schon ziemlich entspannt gewesen w\u00e4re.<\/p>\n<!-- \/wp:paragraph -->\n\n<!-- wp:paragraph -->\n<p>Anbei noch das Programm von der 89. Generalversammlung:<\/p>\n<!-- \/wp:paragraph -->\n\n<!-- wp:paragraph -->\n<p>18.30h\u00a0\u00a0\u00a0\u00a0\u00a0\u00a0\u00a0T\u00fcr\u00f6ffnung<\/p>\n<!-- \/wp:paragraph -->\n\n<!-- wp:paragraph -->\n<p>19.00h\u00a0 \u00a0\u00a0\u00a0\u00a0\u00a0Versammlung \u2013 Traktanden<\/p>\n<!-- \/wp:paragraph -->\n\n<!-- wp:paragraph -->\n<p>\u00a01.\u00a0\u00a0 Begr\u00fcssung<\/p>\n<!-- \/wp:paragraph -->\n\n<!-- wp:paragraph -->\n<p>\u00a02. Appell mit zirkulierender Pr\u00e4senzliste<\/p>\n<!-- \/wp:paragraph -->\n\n<!-- wp:paragraph -->\n<p>3.&nbsp;&nbsp; Wahl der Stimmenz\u00e4hler<\/p>\n<!-- \/wp:paragraph -->\n\n<!-- wp:paragraph -->\n<p>4.&nbsp;&nbsp; Protokoll der letzten Jahresversammlung (liegen auf + Online2021)<\/p>\n<!-- \/wp:paragraph -->\n\n<!-- wp:paragraph -->\n<p>5.&nbsp;&nbsp; Jahresbericht des Pr\u00e4sidenten<\/p>\n<!-- \/wp:paragraph -->\n\n<!-- wp:paragraph -->\n<p>6.&nbsp;&nbsp; Jahresrechnung und Revisorenbericht<\/p>\n<!-- \/wp:paragraph -->\n\n<!-- wp:paragraph -->\n<p>7. Feuerwehrreise 2022<\/p>\n<!-- \/wp:paragraph -->\n\n<!-- wp:paragraph -->\n<p>8. Vorstellung Revision Saurer<\/p>\n<!-- \/wp:paragraph -->\n\n<!-- wp:paragraph -->\n<p>9.&nbsp;&nbsp; Budget 2022<\/p>\n<!-- \/wp:paragraph -->\n\n<!-- wp:paragraph -->\n<p>10. Wahlen<\/p>\n<!-- \/wp:paragraph -->\n\n<!-- wp:paragraph -->\n<p>&nbsp;&nbsp;&nbsp;&nbsp; 1.&nbsp;&nbsp;&nbsp;&nbsp;&nbsp;&nbsp;&nbsp;&nbsp; Vorstand<\/p>\n<!-- \/wp:paragraph -->\n\n<!-- wp:paragraph -->\n<p>&nbsp;&nbsp;&nbsp;&nbsp; 2.&nbsp;&nbsp;&nbsp;&nbsp;&nbsp;&nbsp;&nbsp;&nbsp; Pr\u00e4sident<\/p>\n<!-- \/wp:paragraph -->\n\n<!-- wp:list {\"ordered\":true,\"type\":\"a\"} -->\n<ol type=\"a\"><li>Ersatz Rechnungsrevisor<\/li><\/ol>\n<!-- \/wp:list -->\n\n<!-- wp:paragraph -->\n<p>11. Jahresprogramm 2022<\/p>\n<!-- \/wp:paragraph -->\n\n<!-- wp:paragraph -->\n<p>12. Antr\u00e4ge (Frist gem\u00e4ss Statuten Artikel 8.5 beachten)<\/p>\n<!-- \/wp:paragraph -->\n\n<!-- wp:paragraph -->\n<p>13. Passiv-Beitrag: <strong>Analog Aktive = Fr 35<\/strong>.\u2014(gem. Statuten)<\/p>\n<!-- \/wp:paragraph -->\n\n<!-- wp:paragraph -->\n<p>14. Mitteilungen und Umfrage<\/p>\n<!-- \/wp:paragraph -->\n\n<!-- wp:paragraph -->\n<p><\/p>\n<!-- \/wp:paragraph -->\n\n<!-- wp:paragraph -->\n<p>Im Anschluss an die GV\u00a0\u00a0\u00a0 NACHTESSEN<\/p>\n<!-- \/wp:paragraph -->\n\n<!-- wp:paragraph -->\n<p><\/p>\n<!-- \/wp:paragraph -->\n\n<!-- wp:paragraph -->\n<p><strong><u>Gew\u00fcnschtes Tenue:<\/u><\/strong> Vereinskleider Feuerwehrverein Romanshorn<\/p>\n<!-- \/wp:paragraph -->\n\n<!-- wp:paragraph -->\n<p>Antr\u00e4ge an die Jahresversammlung <strong>sind bis 28.04.2022<\/strong> schriftlich an den Pr\u00e4sidenten zu richten (gem. Statuten, Punkt 8.5).<\/p>\n<!-- \/wp:paragraph -->\n\n<!-- wp:paragraph -->\n<p><\/p>\n<!-- \/wp:paragraph -->","_et_gb_content_width":"","footnotes":""},"categories":[5],"tags":[],"class_list":["post-1306","post","type-post","status-publish","format-standard","has-post-thumbnail","hentry","category-news_frontpage"],"_links":{"self":[{"href":"https:\/\/feuerwehrverein-romanshorn.ch\/Verein\/Wordpress\/wp-json\/wp\/v2\/posts\/1306","targetHints":{"allow":["GET"]}}],"collection":[{"href":"https:\/\/feuerwehrverein-romanshorn.ch\/Verein\/Wordpress\/wp-json\/wp\/v2\/posts"}],"about":[{"href":"https:\/\/feuerwehrverein-romanshorn.ch\/Verein\/Wordpress\/wp-json\/wp\/v2\/types\/post"}],"author":[{"embeddable":true,"href":"https:\/\/feuerwehrverein-romanshorn.ch\/Verein\/Wordpress\/wp-json\/wp\/v2\/users\/2"}],"replies":[{"embeddable":true,"href":"https:\/\/feuerwehrverein-romanshorn.ch\/Verein\/Wordpress\/wp-json\/wp\/v2\/comments?post=1306"}],"version-history":[{"count":4,"href":"https:\/\/feuerwehrverein-romanshorn.ch\/Verein\/Wordpress\/wp-json\/wp\/v2\/posts\/1306\/revisions"}],"predecessor-version":[{"id":1359,"href":"https:\/\/feuerwehrverein-romanshorn.ch\/Verein\/Wordpress\/wp-json\/wp\/v2\/posts\/1306\/revisions\/1359"}],"wp:featuredmedia":[{"embeddable":true,"href":"https:\/\/feuerwehrverein-romanshorn.ch\/Verein\/Wordpress\/wp-json\/wp\/v2\/media\/1334"}],"wp:attachment":[{"href":"https:\/\/feuerwehrverein-romanshorn.ch\/Verein\/Wordpress\/wp-json\/wp\/v2\/media?parent=1306"}],"wp:term":[{"taxonomy":"category","embeddable":true,"href":"https:\/\/feuerwehrverein-romanshorn.ch\/Verein\/Wordpress\/wp-json\/wp\/v2\/categories?post=1306"},{"taxonomy":"post_tag","embeddable":true,"href":"https:\/\/feuerwehrverein-romanshorn.ch\/Verein\/Wordpress\/wp-json\/wp\/v2\/tags?post=1306"}],"curies":[{"name":"wp","href":"https:\/\/api.w.org\/{rel}","templated":true}]}}